{"id":1321,"date":"2024-01-29T09:09:37","date_gmt":"2024-01-29T09:09:37","guid":{"rendered":"https:\/\/offenbar-offenbach.de\/?p=1321"},"modified":"2024-01-29T09:09:37","modified_gmt":"2024-01-29T09:09:37","slug":"druckspaziergang-in-offenbach","status":"publish","type":"post","link":"https:\/\/offenbar-offenbach.de\/?p=1321","title":{"rendered":"Druckspaziergang in Offenbach"},"content":{"rendered":"\n<p><strong>Zum Tag der Druckkunst<\/strong> produzieren wir gemeinsam mit Besucherinnen und Besuchern ein Notizheft an zwei Orten. Die Veranstaltung ist eine Kooperation von die &#8222;Hochdruckzone&#8220;, &#8222;Kiosk Royal&#8220; und &#8222;Adlibitum&#8220;. <\/p>\n\n\n\n<p>In der Druckwerkstatt &#8222;Hochdruckzone&#8220; wird der Umschlag eines Notizheftes bedruckt. Bei &#8222;Kiosk Royal&#8220; im &#8222;offenbar&#8220; in der Domstra\u00dfe 57 wird eine Innenseite f\u00fcr das B\u00fcchlein bedruckt. Dort k\u00f6nnen die G\u00e4ste, unterst\u00fctzt von der Buchbindewerkstatt Adlibitum, die Seiten dann zu einem Heft binden.<\/p>\n\n\n\n<p>Veranstalter: Die Hochdruckzone (Luisenstra\u00dfe 63), Kiosk Royal und Adlibitum im offenbar e.V. (Domstra\u00dfe 57)<\/p>\n\n\n\n<p><em><strong>17. M\u00e4rz 2024, 14 &#8211; 18 Uhr<\/strong><\/em><\/p>\n\n\n\n<p><\/p>\n\n\n\n<figure class=\"wp-block-image size-full\"><img loading=\"lazy\" decoding=\"async\" width=\"350\" height=\"467\" src=\"https:\/\/offenbar-offenbach.de\/wp-content\/uploads\/2024\/01\/csm_PXL_20230419_081656457_2b16d4ce8b.jpg\" alt=\"\" class=\"wp-image-1322\" srcset=\"https:\/\/offenbar-offenbach.de\/wp-content\/uploads\/2024\/01\/csm_PXL_20230419_081656457_2b16d4ce8b.jpg 350w, https:\/\/offenbar-offenbach.de\/wp-content\/uploads\/2024\/01\/csm_PXL_20230419_081656457_2b16d4ce8b-225x300.jpg 225w, https:\/\/offenbar-offenbach.de\/wp-content\/uploads\/2024\/01\/csm_PXL_20230419_081656457_2b16d4ce8b-285x380.jpg 285w\" sizes=\"auto, (max-width: 350px) 100vw, 350px\" \/><figcaption class=\"wp-element-caption\">Bei Kiosk Royal wird an der Adana 8\/5 gedruckt.<\/figcaption><\/figure>\n","protected":false},"excerpt":{"rendered":"<p>Zum Tag der Druckkunst produzieren wir gemeinsam mit Besucherinnen und Besuchern ein Notizheft an zwei Orten. Die Veranstaltung ist eine Kooperation von die &#8222;Hochdruckzone&#8220;, &#8222;Kiosk Royal&#8220; und &#8222;Adlibitum&#8220;. In der &hellip; <a href=\"https:\/\/offenbar-offenbach.de\/?p=1321\" class=\"more-link\">Weiterlesen <span class=\"screen-reader-text\">Druckspaziergang in Offenbach<\/span><\/a><\/p>\n","protected":false},"author":5,"featured_media":0,"comment_status":"open","ping_status":"open","sticky":false,"template":"","format":"standard","meta":{"_jetpack_memberships_contains_paid_content":false,"footnotes":""},"categories":[4],"tags":[],"class_list":["post-1321","post","type-post","status-publish","format-standard","hentry","category-allgemein","without-featured-image"],"jetpack_featured_media_url":"","jetpack_sharing_enabled":true,"_links":{"self":[{"href":"https:\/\/offenbar-offenbach.de\/index.php?rest_route=\/wp\/v2\/posts\/1321","targetHints":{"allow":["GET"]}}],"collection":[{"href":"https:\/\/offenbar-offenbach.de\/index.php?rest_route=\/wp\/v2\/posts"}],"about":[{"href":"https:\/\/offenbar-offenbach.de\/index.php?rest_route=\/wp\/v2\/types\/post"}],"author":[{"embeddable":true,"href":"https:\/\/offenbar-offenbach.de\/index.php?rest_route=\/wp\/v2\/users\/5"}],"replies":[{"embeddable":true,"href":"https:\/\/offenbar-offenbach.de\/index.php?rest_route=%2Fwp%2Fv2%2Fcomments&post=1321"}],"version-history":[{"count":3,"href":"https:\/\/offenbar-offenbach.de\/index.php?rest_route=\/wp\/v2\/posts\/1321\/revisions"}],"predecessor-version":[{"id":1325,"href":"https:\/\/offenbar-offenbach.de\/index.php?rest_route=\/wp\/v2\/posts\/1321\/revisions\/1325"}],"wp:attachment":[{"href":"https:\/\/offenbar-offenbach.de\/index.php?rest_route=%2Fwp%2Fv2%2Fmedia&parent=1321"}],"wp:term":[{"taxonomy":"category","embeddable":true,"href":"https:\/\/offenbar-offenbach.de\/index.php?rest_route=%2Fwp%2Fv2%2Fcategories&post=1321"},{"taxonomy":"post_tag","embeddable":true,"href":"https:\/\/offenbar-offenbach.de\/index.php?rest_route=%2Fwp%2Fv2%2Ftags&post=1321"}],"curies":[{"name":"wp","href":"https:\/\/api.w.org\/{rel}","templated":true}]}}