{"id":1333,"date":"2024-04-15T19:51:55","date_gmt":"2024-04-15T19:51:55","guid":{"rendered":"https:\/\/offenbar-offenbach.de\/?p=1333"},"modified":"2025-01-25T13:09:10","modified_gmt":"2025-01-25T13:09:10","slug":"offenbar-werkstadtraum-offenbar-pop-up-design-werkstatt-zeigt-sich-im-stadtraum","status":"publish","type":"post","link":"https:\/\/offenbar-offenbach.de\/?p=1333","title":{"rendered":"Offenbar werkstadtraum: Offenbar Pop-Up-Design-Werkstatt zeigte sich im Stadtraum"},"content":{"rendered":"\n<p>Vom <strong>25. Mai bis 2. Juni<\/strong> <strong>2024<\/strong> waren wir im Stadtraum und haben ihn verwandelt in eine Pop-Up-Design-Werkstatt. Pr\u00e4sentiert hat sich das offenbar \u2013 der Verein f\u00fcr kreatives Arbeiten und Coworking. Ob Design-Produkte, Stickbilder, Gen\u00e4htes, Keramik, Zeichnungen, Betonkunst, Druckgrafik oder Fotografie \u2013 wir haben Arbeiten gezeigt, die in unserer Werkstatt entstanden sind. Dar\u00fcber hinaus konnten die Besucher*innen selbst kreativ werden: Im Laufe der Woche fanden Workshops in den Bereichen T\u00f6pfern, Drucken, Gips, Inneneinrichtung und Schmuckgestaltung statt. Dazu gab es Musik und Barabende. Am 1. Juni, dem Kindertag, haben wir Kinder eingeladen, sich in verschiedenen k\u00fcnstlerischen Techniken auszuprobieren. Zusammenkommen, Design und Kunst genie\u00dfen, ins Gespr\u00e4ch kommen und selbst kreativ werden \u2013 das war der offenbar werkstadtraum.<\/p>\n\n\n\n<figure class=\"wp-block-gallery has-nested-images columns-default is-cropped wp-block-gallery-1 is-layout-flex wp-block-gallery-is-layout-flex\">\n<figure class=\"wp-block-image size-large\"><img loading=\"lazy\" decoding=\"async\" width=\"1024\" height=\"1024\" data-id=\"1337\" src=\"https:\/\/offenbar-offenbach.de\/wp-content\/uploads\/2024\/04\/Geldruck_Foto_Annika-Sparkes-1024x1024.jpg\" alt=\"\" class=\"wp-image-1337\" srcset=\"https:\/\/offenbar-offenbach.de\/wp-content\/uploads\/2024\/04\/Geldruck_Foto_Annika-Sparkes-1024x1024.jpg 1024w, https:\/\/offenbar-offenbach.de\/wp-content\/uploads\/2024\/04\/Geldruck_Foto_Annika-Sparkes-300x300.jpg 300w, https:\/\/offenbar-offenbach.de\/wp-content\/uploads\/2024\/04\/Geldruck_Foto_Annika-Sparkes-150x150.jpg 150w, https:\/\/offenbar-offenbach.de\/wp-content\/uploads\/2024\/04\/Geldruck_Foto_Annika-Sparkes-768x768.jpg 768w, https:\/\/offenbar-offenbach.de\/wp-content\/uploads\/2024\/04\/Geldruck_Foto_Annika-Sparkes-1536x1536.jpg 1536w, https:\/\/offenbar-offenbach.de\/wp-content\/uploads\/2024\/04\/Geldruck_Foto_Annika-Sparkes-2048x2048.jpg 2048w, https:\/\/offenbar-offenbach.de\/wp-content\/uploads\/2024\/04\/Geldruck_Foto_Annika-Sparkes-90x90.jpg 90w, https:\/\/offenbar-offenbach.de\/wp-content\/uploads\/2024\/04\/Geldruck_Foto_Annika-Sparkes-380x380.jpg 380w\" sizes=\"auto, (max-width: 1024px) 100vw, 1024px\" \/><\/figure>\n\n\n\n<figure class=\"wp-block-image size-large\"><img loading=\"lazy\" decoding=\"async\" width=\"769\" height=\"1024\" data-id=\"1336\" src=\"https:\/\/offenbar-offenbach.de\/wp-content\/uploads\/2024\/04\/Gips-Workshop_Foto_Linda-Hoekstra-769x1024.jpeg\" alt=\"\" class=\"wp-image-1336\" srcset=\"https:\/\/offenbar-offenbach.de\/wp-content\/uploads\/2024\/04\/Gips-Workshop_Foto_Linda-Hoekstra-769x1024.jpeg 769w, https:\/\/offenbar-offenbach.de\/wp-content\/uploads\/2024\/04\/Gips-Workshop_Foto_Linda-Hoekstra-225x300.jpeg 225w, https:\/\/offenbar-offenbach.de\/wp-content\/uploads\/2024\/04\/Gips-Workshop_Foto_Linda-Hoekstra-768x1023.jpeg 768w, https:\/\/offenbar-offenbach.de\/wp-content\/uploads\/2024\/04\/Gips-Workshop_Foto_Linda-Hoekstra-1153x1536.jpeg 1153w, https:\/\/offenbar-offenbach.de\/wp-content\/uploads\/2024\/04\/Gips-Workshop_Foto_Linda-Hoekstra-285x380.jpeg 285w, https:\/\/offenbar-offenbach.de\/wp-content\/uploads\/2024\/04\/Gips-Workshop_Foto_Linda-Hoekstra.jpeg 1501w\" sizes=\"auto, (max-width: 769px) 100vw, 769px\" \/><\/figure>\n\n\n\n<figure class=\"wp-block-image size-large\"><img loading=\"lazy\" decoding=\"async\" width=\"1024\" height=\"768\" data-id=\"1335\" src=\"https:\/\/offenbar-offenbach.de\/wp-content\/uploads\/2024\/04\/Ton-Workshop_Foto_Laura-Hartwig-1024x768.jpg\" alt=\"\" class=\"wp-image-1335\" srcset=\"https:\/\/offenbar-offenbach.de\/wp-content\/uploads\/2024\/04\/Ton-Workshop_Foto_Laura-Hartwig-1024x768.jpg 1024w, https:\/\/offenbar-offenbach.de\/wp-content\/uploads\/2024\/04\/Ton-Workshop_Foto_Laura-Hartwig-300x225.jpg 300w, https:\/\/offenbar-offenbach.de\/wp-content\/uploads\/2024\/04\/Ton-Workshop_Foto_Laura-Hartwig-768x576.jpg 768w, https:\/\/offenbar-offenbach.de\/wp-content\/uploads\/2024\/04\/Ton-Workshop_Foto_Laura-Hartwig-1536x1152.jpg 1536w, https:\/\/offenbar-offenbach.de\/wp-content\/uploads\/2024\/04\/Ton-Workshop_Foto_Laura-Hartwig-507x380.jpg 507w, https:\/\/offenbar-offenbach.de\/wp-content\/uploads\/2024\/04\/Ton-Workshop_Foto_Laura-Hartwig.jpg 2048w\" sizes=\"auto, (max-width: 1024px) 100vw, 1024px\" \/><\/figure>\n\n\n\n<figure class=\"wp-block-image\"><img decoding=\"async\" src=\"https:\/\/offenbar-offenbach.de\/wp-content\/uploads\/2024\/04\/Offenbar_Team_Foto_Katrin-Trudel-1024x775.jpg\" alt=\"Dieses Bild hat ein leeres Alt-Attribut. Der Dateiname ist Offenbar_Team_Foto_Katrin-Trudel-1024x775.jpg\"\/><\/figure>\n<\/figure>\n\n\n\n<p><\/p>\n\n\n\n<h2 class=\"wp-block-heading\">Das Programm des offenbar werkstadtraum auf einen Blick<\/h2>\n\n\n\n<p><strong>25.5.24 14 bis 22 Uhr:<\/strong> offenbar Pop-Up-Design-Markt Ausstellung und Verkauf, ab 17 Uhr Vernissage<\/p>\n\n\n\n<p><strong>26.5.24 14 bis 18 Uhr:<\/strong> offenbar Pop-Up-Design-Markt Ausstellung und Verkauf<\/p>\n\n\n\n<p><strong>28.5.24 14 bis 18 Uhr:<\/strong> offenbar Pop-Up-Design-Markt Ausstellung und Verkauf\/\/17 bis 18 Uhr Lesekreis VHS<\/p>\n\n\n\n<p><strong>29.5.24 14 bis 23 Uhr:<\/strong> offenbar Pop-Up-Design-Markt Ausstellung und Verkauf\/\/17 bis 18.30 Uhr Druck-Workshop: Anmeldungen an hallo@offenbar-offenbach.de\/\/17 bis 18.30 Uhr Workshop H\u00dcBSCHER WOHNEN f\u00fcr alle zwischen 6 und 66 Jahre: Anmeldung an Kathrin.Trudel@gmx.de<\/p>\n\n\n\n<p><strong>30.5.24 12 bis 18 Uhr:<\/strong> offenbar Pop-Up-Design-Markt Ausstellung und Verkauf\/\/12 bis 15 und 15 bis 18 Uhr Clayclub XXL: Anmeldung an an ClayClub.offenbach@gmail.com<\/p>\n\n\n\n<p><strong>31.5.24 14 bis 18 Uhr:<\/strong> offenbar Pop-Up-Design-Markt Ausstellung und Verkauf\/\/14 bis 15.30 Uhr Gips-Workshop: Anmeldung an an Linda.hoekstra@outlook.de<\/p>\n\n\n\n<p><strong>1.6.24 14 bis 23 Uhr:<\/strong> offenbar Pop-Up-Design-Markt Ausstellung und Verkauf\/\/15 bis 16.30 Uhr Workshops f\u00fcr Kinder in den Bereichen Gips, T\u00f6pfern, Drucken, Schmuck\/\/ab 17 Uhr Finissage<\/p>\n\n\n\n<p><strong>2.6.24 14 bis 16 Uhr:<\/strong> offenbar Pop-Up-Design-Markt Ausstellung und Verkauf LETZTE CHANCE: ALLES MUSS RAUS!<\/p>\n\n\n\n<figure class=\"wp-block-image size-large\"><img loading=\"lazy\" decoding=\"async\" width=\"1024\" height=\"673\" src=\"https:\/\/offenbar-offenbach.de\/wp-content\/uploads\/2024\/04\/offenbar_werkstadtraum_Teaser_3-1024x673.jpg\" alt=\"\" class=\"wp-image-1346\" srcset=\"https:\/\/offenbar-offenbach.de\/wp-content\/uploads\/2024\/04\/offenbar_werkstadtraum_Teaser_3-1024x673.jpg 1024w, https:\/\/offenbar-offenbach.de\/wp-content\/uploads\/2024\/04\/offenbar_werkstadtraum_Teaser_3-300x197.jpg 300w, https:\/\/offenbar-offenbach.de\/wp-content\/uploads\/2024\/04\/offenbar_werkstadtraum_Teaser_3-768x505.jpg 768w, https:\/\/offenbar-offenbach.de\/wp-content\/uploads\/2024\/04\/offenbar_werkstadtraum_Teaser_3-1536x1010.jpg 1536w, https:\/\/offenbar-offenbach.de\/wp-content\/uploads\/2024\/04\/offenbar_werkstadtraum_Teaser_3-2048x1346.jpg 2048w, https:\/\/offenbar-offenbach.de\/wp-content\/uploads\/2024\/04\/offenbar_werkstadtraum_Teaser_3-578x380.jpg 578w\" sizes=\"auto, (max-width: 1024px) 100vw, 1024px\" \/><\/figure>\n","protected":false},"excerpt":{"rendered":"<p>Vom 25. Mai bis 2. Juni 2024 waren wir im Stadtraum und haben ihn verwandelt in eine Pop-Up-Design-Werkstatt. Pr\u00e4sentiert hat sich das offenbar \u2013 der Verein f\u00fcr kreatives Arbeiten und &hellip; <a href=\"https:\/\/offenbar-offenbach.de\/?p=1333\" class=\"more-link\">Weiterlesen <span class=\"screen-reader-text\">Offenbar werkstadtraum: Offenbar Pop-Up-Design-Werkstatt zeigte sich im Stadtraum<\/span><\/a><\/p>\n","protected":false},"author":5,"featured_media":1340,"comment_status":"open","ping_status":"open","sticky":false,"template":"","format":"standard","meta":{"_jetpack_memberships_contains_paid_content":false,"footnotes":""},"categories":[4],"tags":[],"class_list":["post-1333","post","type-post","status-publish","format-standard","has-post-thumbnail","hentry","category-allgemein","with-featured-image"],"jetpack_featured_media_url":"https:\/\/offenbar-offenbach.de\/wp-content\/uploads\/2024\/04\/Stadtraum_1.jpg","jetpack_sharing_enabled":true,"_links":{"self":[{"href":"https:\/\/offenbar-offenbach.de\/index.php?rest_route=\/wp\/v2\/posts\/1333","targetHints":{"allow":["GET"]}}],"collection":[{"href":"https:\/\/offenbar-offenbach.de\/index.php?rest_route=\/wp\/v2\/posts"}],"about":[{"href":"https:\/\/offenbar-offenbach.de\/index.php?rest_route=\/wp\/v2\/types\/post"}],"author":[{"embeddable":true,"href":"https:\/\/offenbar-offenbach.de\/index.php?rest_route=\/wp\/v2\/users\/5"}],"replies":[{"embeddable":true,"href":"https:\/\/offenbar-offenbach.de\/index.php?rest_route=%2Fwp%2Fv2%2Fcomments&post=1333"}],"version-history":[{"count":13,"href":"https:\/\/offenbar-offenbach.de\/index.php?rest_route=\/wp\/v2\/posts\/1333\/revisions"}],"predecessor-version":[{"id":1824,"href":"https:\/\/offenbar-offenbach.de\/index.php?rest_route=\/wp\/v2\/posts\/1333\/revisions\/1824"}],"wp:featuredmedia":[{"embeddable":true,"href":"https:\/\/offenbar-offenbach.de\/index.php?rest_route=\/wp\/v2\/media\/1340"}],"wp:attachment":[{"href":"https:\/\/offenbar-offenbach.de\/index.php?rest_route=%2Fwp%2Fv2%2Fmedia&parent=1333"}],"wp:term":[{"taxonomy":"category","embeddable":true,"href":"https:\/\/offenbar-offenbach.de\/index.php?rest_route=%2Fwp%2Fv2%2Fcategories&post=1333"},{"taxonomy":"post_tag","embeddable":true,"href":"https:\/\/offenbar-offenbach.de\/index.php?rest_route=%2Fwp%2Fv2%2Ftags&post=1333"}],"curies":[{"name":"wp","href":"https:\/\/api.w.org\/{rel}","templated":true}]}}