{"id":1763,"date":"2024-08-05T12:37:34","date_gmt":"2024-08-05T12:37:34","guid":{"rendered":"https:\/\/offenbar-offenbach.de\/?p=1763"},"modified":"2025-11-18T15:38:26","modified_gmt":"2025-11-18T15:38:26","slug":"wie-es-leuchtet","status":"publish","type":"post","link":"https:\/\/offenbar-offenbach.de\/?p=1763","title":{"rendered":"<strong>\u201eWie es leuchtet\u201c<\/strong>"},"content":{"rendered":"\n<h3 class=\"wp-block-heading\">Christina Dirlich und Oliver Klier haben Fotografien vom Gew\u00e4chshaus bei Kunst im Turm in der Friedenskirche Offenbach gezeigt<\/h3>\n\n\n\n<p>Das Gew\u00e4chshaus ist ein einzigartiger Ort, der Ruhe ausstrahlt, obwohl so viel darin passiert. Hier wachsen Pflanzen, Reihe f\u00fcr Reihe, unter dem Schutz des Glases. Hier entwickelt sich Leben. Die Atmosph\u00e4re ist warm und wohlig. Von au\u00dfen besticht die Glas-Stahl-Konstruktion durch ihre einfache Form, die viel Platz f\u00fcr Projektionen bietet.<\/p>\n\n\n\n<p>Die Idee des Projekts war simpel: Das Gew\u00e4chshaus von innen beleuchten, um es dann in der halben Stunde D\u00e4mmerung, in der die Sonne langsam hinter dem Horizont verschwindet, zu fotografieren. Anfang M\u00e4rz 2024 sind die Bilder entstanden. Benutzt haben die drei Fotograf*innen digitale sowie analoge Kameras. Je dunkler es wurde, umso mehr leuchtete das Glashaus. Nur wenige Scheinwerfer waren notwendig, um das Gew\u00e4chshaus aus seiner allt\u00e4glichen Funktion heraus in eine neue Dimension zu heben und so zu einem Kunst-Objekt zu machen. Wie es leuchtet!<\/p>\n\n\n\n<p>Oliver Klier und Christina Dirlich sind Teil des offenbar Fotolab \u2013 einer Gruppe von Fotograf*innen, die sich regelm\u00e4\u00dfig im offenbar e.V., einem Verein f\u00fcr kreatives Arbeiten und Coworking in Offenbach, trifft.<\/p>\n\n\n\n<figure class=\"wp-block-image size-large\"><img loading=\"lazy\" decoding=\"async\" width=\"1024\" height=\"683\" src=\"https:\/\/offenbar-offenbach.de\/wp-content\/uploads\/2024\/08\/DSCF1388-1024x683.jpg\" alt=\"\" class=\"wp-image-1769\" srcset=\"https:\/\/offenbar-offenbach.de\/wp-content\/uploads\/2024\/08\/DSCF1388-1024x683.jpg 1024w, https:\/\/offenbar-offenbach.de\/wp-content\/uploads\/2024\/08\/DSCF1388-300x200.jpg 300w, https:\/\/offenbar-offenbach.de\/wp-content\/uploads\/2024\/08\/DSCF1388-768x512.jpg 768w, https:\/\/offenbar-offenbach.de\/wp-content\/uploads\/2024\/08\/DSCF1388-1536x1024.jpg 1536w, https:\/\/offenbar-offenbach.de\/wp-content\/uploads\/2024\/08\/DSCF1388-2048x1365.jpg 2048w, https:\/\/offenbar-offenbach.de\/wp-content\/uploads\/2024\/08\/DSCF1388-570x380.jpg 570w\" sizes=\"auto, (max-width: 1024px) 100vw, 1024px\" \/><figcaption class=\"wp-element-caption\">Das Gew\u00e4chshaus der Kooperative in Oberrad. Fotos: O. Klier<\/figcaption><\/figure>\n\n\n\n<p><strong>Ausstellung bei Kunst im Turm, Friedenskirche Offenbach, Geleitsstra\u00dfe 104, 63067 Offenbach am Main<\/strong><br><strong>Vernissage: 19. September 2025 ab 18 Uhr<\/strong><br><strong>\u00d6ffnungszeiten an den folgenden 4 Sonntagen (21.+28.9., 5.+12.+19.10.), jeweils 11.15 Uhr bis 12.30 Uhr.<\/strong><br> <\/p>\n\n\n\n<div style=\"height:64px\" aria-hidden=\"true\" class=\"wp-block-spacer\"><\/div>\n\n\n\n<hr class=\"wp-block-separator has-alpha-channel-opacity\"\/>\n","protected":false},"excerpt":{"rendered":"<p>Christina Dirlich und Oliver Klier haben Fotografien vom Gew\u00e4chshaus bei Kunst im Turm in der Friedenskirche Offenbach gezeigt Das Gew\u00e4chshaus ist ein einzigartiger Ort, der Ruhe ausstrahlt, obwohl so viel &hellip; <a href=\"https:\/\/offenbar-offenbach.de\/?p=1763\" class=\"more-link\">Weiterlesen <span class=\"screen-reader-text\"><strong>\u201eWie es leuchtet\u201c<\/strong><\/span><\/a><\/p>\n","protected":false},"author":5,"featured_media":1764,"comment_status":"open","ping_status":"open","sticky":false,"template":"","format":"standard","meta":{"_jetpack_memberships_contains_paid_content":false,"footnotes":""},"categories":[4],"tags":[],"class_list":["post-1763","post","type-post","status-publish","format-standard","has-post-thumbnail","hentry","category-allgemein","with-featured-image"],"jetpack_featured_media_url":"https:\/\/offenbar-offenbach.de\/wp-content\/uploads\/2024\/08\/DSCF1328-scaled.jpg","jetpack_sharing_enabled":true,"_links":{"self":[{"href":"https:\/\/offenbar-offenbach.de\/index.php?rest_route=\/wp\/v2\/posts\/1763","targetHints":{"allow":["GET"]}}],"collection":[{"href":"https:\/\/offenbar-offenbach.de\/index.php?rest_route=\/wp\/v2\/posts"}],"about":[{"href":"https:\/\/offenbar-offenbach.de\/index.php?rest_route=\/wp\/v2\/types\/post"}],"author":[{"embeddable":true,"href":"https:\/\/offenbar-offenbach.de\/index.php?rest_route=\/wp\/v2\/users\/5"}],"replies":[{"embeddable":true,"href":"https:\/\/offenbar-offenbach.de\/index.php?rest_route=%2Fwp%2Fv2%2Fcomments&post=1763"}],"version-history":[{"count":18,"href":"https:\/\/offenbar-offenbach.de\/index.php?rest_route=\/wp\/v2\/posts\/1763\/revisions"}],"predecessor-version":[{"id":1927,"href":"https:\/\/offenbar-offenbach.de\/index.php?rest_route=\/wp\/v2\/posts\/1763\/revisions\/1927"}],"wp:featuredmedia":[{"embeddable":true,"href":"https:\/\/offenbar-offenbach.de\/index.php?rest_route=\/wp\/v2\/media\/1764"}],"wp:attachment":[{"href":"https:\/\/offenbar-offenbach.de\/index.php?rest_route=%2Fwp%2Fv2%2Fmedia&parent=1763"}],"wp:term":[{"taxonomy":"category","embeddable":true,"href":"https:\/\/offenbar-offenbach.de\/index.php?rest_route=%2Fwp%2Fv2%2Fcategories&post=1763"},{"taxonomy":"post_tag","embeddable":true,"href":"https:\/\/offenbar-offenbach.de\/index.php?rest_route=%2Fwp%2Fv2%2Ftags&post=1763"}],"curies":[{"name":"wp","href":"https:\/\/api.w.org\/{rel}","templated":true}]}}