{"id":1907,"date":"2025-11-17T20:55:49","date_gmt":"2025-11-17T20:55:49","guid":{"rendered":"https:\/\/offenbar-offenbach.de\/?p=1907"},"modified":"2026-03-13T13:50:35","modified_gmt":"2026-03-13T13:50:35","slug":"offenbar-kreativ-kiosk-bei-der-world-design-capital-frankfurt-rheinmain-2026","status":"publish","type":"post","link":"https:\/\/offenbar-offenbach.de\/?p=1907","title":{"rendered":"offenbar Kreativ-Kiosk bei der World Design Capital Frankfurt RheinMain 2026"},"content":{"rendered":"\n<p><strong>Bei der World Design Capital Frankfurt RheinMain 2026 (WDC 2026) sind wir mit einem Projekt vertreten, das uns sehr am Herzen liegt: dem offenbar Kreativ-Kiosk. Das Projekt teilt sich in zwei Formate: Mit der mobilen Druckwerkstatt gehen wir in den \u00f6ffentlichen Raum, um dort Druck-Aktionen durchzuf\u00fchren. Daneben bieten wir Workshops in unseren R\u00e4umen an. Dort sollen unterschiedliche Druckverfahren die Teilnehmenden dazu angeregen, sich mit Fragen des gesellschaftlichen Zusammenlebens und einer zukunftsf\u00e4higen Gemeinschaft auseinanderzusetzen.<\/strong><\/p>\n\n\n\n<h2 class=\"wp-block-heading\">offenbar Kreativ-Kiosk Werkstattreihe: Deine Botschaft auf einer Postkarte<\/h2>\n\n\n\n<p>In den R\u00e4umen des offenbar e.V. finden Workshops statt, die sich mit dem Zusammenleben in unserer Gesellschaft besch\u00e4ftigen. Durch den Einsatz unterschiedlicher Drucktechniken schaffen wir einen Raum, der den Dialog \u00fcber wichtige gesellschaftliche Themen f\u00f6rdert. Die jeweiligen Workshop-Gruppen verhandeln gemeinsam die Botschaften, die sie drucken.<\/p>\n\n\n\n<p>Eine kleine Karte \u2013 ein gro\u00dfes Medium: Die Postkarte. Sie reist durch H\u00e4nde, R\u00e4ume, \u00fcber Grenzen. Sie tr\u00e4gt Gr\u00fc\u00dfe, Gedanken, manchmal Protest. Sie ist Zeugnis von Freiheit, von Austausch und von dem, was uns bewegt.<\/p>\n\n\n\n<p>In dieser kreativen Werkstattreihe n\u00e4hern wir uns der Demokratie und unserem Zusammenleben von Morgen auf k\u00fcnstlerische Weise: Mit Linolschnitt, Buchdruck und Farbe gestalten wir eigene Postkarten \u2013 kleine Botschaften, die sich ihren Weg in die Welt bahnen.<\/p>\n\n\n\n<p>Wir wollen die Teilnehmer*innen dazu anregen, sich Gedanken \u00fcber unser Zusammenleben und eine Gesellschaft von Morgen zu machen. Was geh\u00f6rt auf eine Postkarte der Freiheit? Welche Worte, welche Bilder, welche Spuren von Hand und Herz? Gemeinsam drucken, pr\u00e4gen und formulieren wir eine Hommage an das Recht auf freie Meinungs\u00e4u\u00dferung \u2013 und an die Kraft eines Formats, das klein scheint, aber Gro\u00dfes erz\u00e4hlt.<\/p>\n\n\n\n<p><strong>Termine:<\/strong> <strong>30.5.26, 10-13 Uhr\/30.5.26, 14-17 Uhr\/13.6.26, 10-13 Uhr\/13.6.26, 14-17 Uhr\/4.7.26, 10-13 Uhr\/4.7.26, 14-17 Uhr<\/strong><\/p>\n\n\n\n<p><strong>offenbar Kreativ-Kiosk \u2013 Werkstattreihe<\/strong><br><strong>Ort:<\/strong> <strong>offenbar e.V.<br>Domstra\u00dfe 57<br>63067 Offenbach<\/strong><br><strong>Anmeldung f\u00fcr die Workshops im offenbar per E-Mail an hallo@offenbar-offenbach.de<\/strong><\/p>\n\n\n\n<figure class=\"wp-block-image size-large\"><img loading=\"lazy\" decoding=\"async\" width=\"1024\" height=\"768\" src=\"https:\/\/offenbar-offenbach.de\/wp-content\/uploads\/2025\/11\/offenbar_Buchdruck_Postkarten_C.-Dirlich_2-1024x768.jpg\" alt=\"\" class=\"wp-image-1910\" srcset=\"https:\/\/offenbar-offenbach.de\/wp-content\/uploads\/2025\/11\/offenbar_Buchdruck_Postkarten_C.-Dirlich_2-1024x768.jpg 1024w, https:\/\/offenbar-offenbach.de\/wp-content\/uploads\/2025\/11\/offenbar_Buchdruck_Postkarten_C.-Dirlich_2-300x225.jpg 300w, https:\/\/offenbar-offenbach.de\/wp-content\/uploads\/2025\/11\/offenbar_Buchdruck_Postkarten_C.-Dirlich_2-768x576.jpg 768w, https:\/\/offenbar-offenbach.de\/wp-content\/uploads\/2025\/11\/offenbar_Buchdruck_Postkarten_C.-Dirlich_2-1536x1152.jpg 1536w, https:\/\/offenbar-offenbach.de\/wp-content\/uploads\/2025\/11\/offenbar_Buchdruck_Postkarten_C.-Dirlich_2-2048x1536.jpg 2048w, https:\/\/offenbar-offenbach.de\/wp-content\/uploads\/2025\/11\/offenbar_Buchdruck_Postkarten_C.-Dirlich_2-507x380.jpg 507w\" sizes=\"auto, (max-width: 1024px) 100vw, 1024px\" \/><\/figure>\n\n\n\n<p>In der Werkstatt k\u00f6nnen Postkarten an der Buchdruck-Maschine gedruckt werden. Foto: C. Dirlich<\/p>\n\n\n\n<p><\/p>\n\n\n\n<h2 class=\"wp-block-heading\">offenbar Kreativ-Kiosk: Druck-Aktionen im \u00f6ffentlichen Raum<\/h2>\n\n\n\n<p><strong>Teilhabe ist essenziell f\u00fcr eine lebendige Demokratie. Der offenbar e.V. l\u00e4dt ein zu Druck-Aktionen im \u00f6ffentlichen Raum mit der mobilen Druckwerkstatt, dem Kreativ-Kiosk.<\/strong> <strong>Eine Anmeldung ist nicht notwendig. <\/strong><\/p>\n\n\n\n<p>Unser rollender Kreativ-Kiosk verwandelt sich mit wenigen Handgriffen in eine Druckwerkstatt. Wir haben alles dabei f\u00fcr Linol-, Material- und Stempeldruck. Wir wollen B\u00fcrger*innen inspirieren, sich mit Fragen unseres Zusammenlebens und der Freiheit zu besch\u00e4ftigen und ihre Gedanken dazu in einem Druck festzuhalten. Dabei k\u00f6nnen Postkarten, die in die Welt hinaus geschickt werden, Buttons oder Mini-Faltb\u00fccher entstehen.<\/p>\n\n\n\n<p><strong>Termine:<\/strong><br><strong>7. Mai 26<\/strong><br><strong>offenbar Kreativ-Kiosk zu Gast beim M\u00e4rktchen auf dem Goetheplatz<\/strong><br>Beim M\u00e4rktchen sind alle Besucher*innen eingeladen, ihren Gedanken zu unserem Zusammenleben beim Drucken im Kreativ-Kiosk Form und Farbe zu verleihen. 17 bis 20 Uhr.<\/p>\n\n\n\n<p><strong>Ort: Goetheplatz<br>63067 Offenbach<\/strong><br><br><strong>22. August 26<br>offenbar Kreativ-Kiosk: Mobile Druckwerkstatt zu Gast beim Hot Printing Festival<\/strong><br>Beim Offenbacher Druckfestival sind alle Besucher*innen eingeladen, ihren Gedanken zu unserem Zusammenleben beim Drucken im Kreativ-Kiosk Form und Farbe zu verleihen.<\/p>\n\n\n\n<p><strong>Ort: Klingspor Museum<br>Herrnstra\u00dfe 80<br>63065 Offenbach<\/strong><\/p>\n\n\n\n<p><strong>6. September 26<\/strong><br><strong>offenbar Kreativ-Kiosk: Mobile Druckwerkstatt zu Gast beim Offenbacher K\u00fcnstlermarkt<\/strong><br>Beim Offenbacher K\u00fcnstlermarkt sind alle Besucher*innen eingeladen, ihren Gedanken zu unserem Zusammenleben beim Drucken im Kreativ-Kiosk Form und Farbe zu verleihen.<\/p>\n\n\n\n<p><strong>Ort:<\/strong> <strong>Wilhelmsplatz<br>63065 Offenbach<\/strong><\/p>\n\n\n\n<figure class=\"wp-block-image size-large\"><img loading=\"lazy\" decoding=\"async\" width=\"1024\" height=\"724\" src=\"https:\/\/offenbar-offenbach.de\/wp-content\/uploads\/2025\/11\/offenbar_Skizze_mobile-Druckwerkstatt_A.-Sparkes-1024x724.jpg\" alt=\"\" class=\"wp-image-1911\" srcset=\"https:\/\/offenbar-offenbach.de\/wp-content\/uploads\/2025\/11\/offenbar_Skizze_mobile-Druckwerkstatt_A.-Sparkes-1024x724.jpg 1024w, https:\/\/offenbar-offenbach.de\/wp-content\/uploads\/2025\/11\/offenbar_Skizze_mobile-Druckwerkstatt_A.-Sparkes-300x212.jpg 300w, https:\/\/offenbar-offenbach.de\/wp-content\/uploads\/2025\/11\/offenbar_Skizze_mobile-Druckwerkstatt_A.-Sparkes-768x543.jpg 768w, https:\/\/offenbar-offenbach.de\/wp-content\/uploads\/2025\/11\/offenbar_Skizze_mobile-Druckwerkstatt_A.-Sparkes-1536x1087.jpg 1536w, https:\/\/offenbar-offenbach.de\/wp-content\/uploads\/2025\/11\/offenbar_Skizze_mobile-Druckwerkstatt_A.-Sparkes-537x380.jpg 537w, https:\/\/offenbar-offenbach.de\/wp-content\/uploads\/2025\/11\/offenbar_Skizze_mobile-Druckwerkstatt_A.-Sparkes.jpg 1600w\" sizes=\"auto, (max-width: 1024px) 100vw, 1024px\" \/><\/figure>\n\n\n\n<p class=\"has-small-font-size\">Die Skizze zeigt den Bauplan der mobilen Druckwerkstatt. Repro: A. Sparkes <\/p>\n\n\n\n<p><strong>Weitere Infos findet Ihr hier:<\/strong><br>Website: <a href=\"http:\/\/wdc.2026.org\" data-type=\"link\" data-id=\"wdc.2026.org\">wdc2026.org<\/a><br>Instagram: <a href=\"https:\/\/www.instagram.com\/wdc2026\/\">@wdc2026<\/a><br>Facebook: <a href=\"https:\/\/www.facebook.com\/worlddesigncapital2026\">World Design Capital 2026<\/a><\/p>\n\n\n\n<div style=\"height:25px\" aria-hidden=\"true\" class=\"wp-block-spacer\"><\/div>\n\n\n\n<figure class=\"wp-block-image size-large\"><img loading=\"lazy\" decoding=\"async\" width=\"1024\" height=\"100\" src=\"https:\/\/offenbar-offenbach.de\/wp-content\/uploads\/2025\/11\/WDC2026_C_Instagram_RGB_Post-Story_quer_Weiss-1024x100.png\" alt=\"\" class=\"wp-image-1918\" srcset=\"https:\/\/offenbar-offenbach.de\/wp-content\/uploads\/2025\/11\/WDC2026_C_Instagram_RGB_Post-Story_quer_Weiss-1024x100.png 1024w, https:\/\/offenbar-offenbach.de\/wp-content\/uploads\/2025\/11\/WDC2026_C_Instagram_RGB_Post-Story_quer_Weiss-300x29.png 300w, https:\/\/offenbar-offenbach.de\/wp-content\/uploads\/2025\/11\/WDC2026_C_Instagram_RGB_Post-Story_quer_Weiss-768x75.png 768w, https:\/\/offenbar-offenbach.de\/wp-content\/uploads\/2025\/11\/WDC2026_C_Instagram_RGB_Post-Story_quer_Weiss-1536x150.png 1536w, https:\/\/offenbar-offenbach.de\/wp-content\/uploads\/2025\/11\/WDC2026_C_Instagram_RGB_Post-Story_quer_Weiss-2048x199.png 2048w, https:\/\/offenbar-offenbach.de\/wp-content\/uploads\/2025\/11\/WDC2026_C_Instagram_RGB_Post-Story_quer_Weiss-1180x115.png 1180w\" sizes=\"auto, (max-width: 1024px) 100vw, 1024px\" \/><\/figure>\n\n\n\n<div style=\"height:74px\" aria-hidden=\"true\" class=\"wp-block-spacer\"><\/div>\n\n\n\n<hr class=\"wp-block-separator has-alpha-channel-opacity\"\/>\n","protected":false},"excerpt":{"rendered":"<p>Bei der World Design Capital Frankfurt RheinMain 2026 (WDC 2026) sind wir mit einem Projekt vertreten, das uns sehr am Herzen liegt: dem offenbar Kreativ-Kiosk. Das Projekt teilt sich in &hellip; <a href=\"https:\/\/offenbar-offenbach.de\/?p=1907\" class=\"more-link\">Weiterlesen <span class=\"screen-reader-text\">offenbar Kreativ-Kiosk bei der World Design Capital Frankfurt RheinMain 2026<\/span><\/a><\/p>\n","protected":false},"author":5,"featured_media":1909,"comment_status":"open","ping_status":"open","sticky":false,"template":"","format":"standard","meta":{"_jetpack_memberships_contains_paid_content":false,"footnotes":""},"categories":[4],"tags":[],"class_list":["post-1907","post","type-post","status-publish","format-standard","has-post-thumbnail","hentry","category-allgemein","with-featured-image"],"jetpack_featured_media_url":"https:\/\/offenbar-offenbach.de\/wp-content\/uploads\/2025\/11\/offenbar_Linoldruck_Workshop_C.-Dirlich_6-e1763412313365.jpg","jetpack_sharing_enabled":true,"_links":{"self":[{"href":"https:\/\/offenbar-offenbach.de\/index.php?rest_route=\/wp\/v2\/posts\/1907","targetHints":{"allow":["GET"]}}],"collection":[{"href":"https:\/\/offenbar-offenbach.de\/index.php?rest_route=\/wp\/v2\/posts"}],"about":[{"href":"https:\/\/offenbar-offenbach.de\/index.php?rest_route=\/wp\/v2\/types\/post"}],"author":[{"embeddable":true,"href":"https:\/\/offenbar-offenbach.de\/index.php?rest_route=\/wp\/v2\/users\/5"}],"replies":[{"embeddable":true,"href":"https:\/\/offenbar-offenbach.de\/index.php?rest_route=%2Fwp%2Fv2%2Fcomments&post=1907"}],"version-history":[{"count":23,"href":"https:\/\/offenbar-offenbach.de\/index.php?rest_route=\/wp\/v2\/posts\/1907\/revisions"}],"predecessor-version":[{"id":1951,"href":"https:\/\/offenbar-offenbach.de\/index.php?rest_route=\/wp\/v2\/posts\/1907\/revisions\/1951"}],"wp:featuredmedia":[{"embeddable":true,"href":"https:\/\/offenbar-offenbach.de\/index.php?rest_route=\/wp\/v2\/media\/1909"}],"wp:attachment":[{"href":"https:\/\/offenbar-offenbach.de\/index.php?rest_route=%2Fwp%2Fv2%2Fmedia&parent=1907"}],"wp:term":[{"taxonomy":"category","embeddable":true,"href":"https:\/\/offenbar-offenbach.de\/index.php?rest_route=%2Fwp%2Fv2%2Fcategories&post=1907"},{"taxonomy":"post_tag","embeddable":true,"href":"https:\/\/offenbar-offenbach.de\/index.php?rest_route=%2Fwp%2Fv2%2Ftags&post=1907"}],"curies":[{"name":"wp","href":"https:\/\/api.w.org\/{rel}","templated":true}]}}