{"id":330,"date":"2017-05-10T10:57:46","date_gmt":"2017-05-10T10:57:46","guid":{"rendered":"http:\/\/offenbar-offenbach.de\/?p=330"},"modified":"2017-05-18T06:23:03","modified_gmt":"2017-05-18T06:23:03","slug":"aussteller-gesucht","status":"publish","type":"post","link":"https:\/\/offenbar-offenbach.de\/?p=330","title":{"rendered":"Aussteller gesucht"},"content":{"rendered":"<p>Wir starten unsere regelm\u00e4\u00dfigen Kiosk-Samstage im offenbar mit kreativen Ausstellern. Am 3. Juni ist der n\u00e4chste.<!--more--><\/p>\n<p>Fernab von Massenproduktion und Stangenware findet man bei uns junge Labels, meist mit Kleinstauflage. Etwas das nicht jeder hat, aber gern jeder h\u00e4tte.<\/p>\n<p>Melde dich bis zum 17. Mai 2017 als Aussteller*in, indem du uns eine kurze E-Mail mit Infos zu dir und deiner Arbeit an kiosk@offenbar-offenbach.de schreibst.<img loading=\"lazy\" decoding=\"async\" class=\"aligncenter wp-image-352 size-large\" src=\"https:\/\/offenbar-offenbach.de\/wp-content\/uploads\/2017\/05\/eroeffnung_collage_fin-1024x724.jpg\" alt=\"\" width=\"620\" height=\"438\" srcset=\"https:\/\/offenbar-offenbach.de\/wp-content\/uploads\/2017\/05\/eroeffnung_collage_fin-1024x724.jpg 1024w, https:\/\/offenbar-offenbach.de\/wp-content\/uploads\/2017\/05\/eroeffnung_collage_fin-300x212.jpg 300w, https:\/\/offenbar-offenbach.de\/wp-content\/uploads\/2017\/05\/eroeffnung_collage_fin-768x543.jpg 768w, https:\/\/offenbar-offenbach.de\/wp-content\/uploads\/2017\/05\/eroeffnung_collage_fin-538x380.jpg 538w, https:\/\/offenbar-offenbach.de\/wp-content\/uploads\/2017\/05\/eroeffnung_collage_fin.jpg 1754w\" sizes=\"auto, (max-width: 620px) 100vw, 620px\" \/><\/p>\n<p>Wir werden uns am 20. Mai bei dir per E-Mail melden und bekanntgeben, ob du als Aussteller*in dabei bist!<\/p>\n<p>N\u00e4chster offenbar Kiosk: Samstag, den 3. Juni 2017 von 12 \u2013 18 Uhr<br \/>\nOrt: offenbar e.V.<br \/>\nDomstr. 57<br \/>\n63067 Offenbach<\/p>\n<p>Standgeb\u00fchr f\u00fcr ca. 2 Meter: 10 Euro und ein Kuchen oder 15 Euro ohne Kuchen<\/p>\n<h5>SEI DABEI!<\/h5>\n<p>Wir freuen uns auf deine E-Mail.<\/p>\n","protected":false},"excerpt":{"rendered":"<p>Wir starten unsere regelm\u00e4\u00dfigen Kiosk-Samstage im offenbar mit kreativen Ausstellern. Am 3. Juni ist der n\u00e4chste.<\/p>\n","protected":false},"author":4,"featured_media":355,"comment_status":"open","ping_status":"open","sticky":false,"template":"","format":"standard","meta":{"_jetpack_memberships_contains_paid_content":false,"footnotes":""},"categories":[4],"tags":[],"class_list":["post-330","post","type-post","status-publish","format-standard","has-post-thumbnail","hentry","category-allgemein","with-featured-image"],"jetpack_featured_media_url":"https:\/\/offenbar-offenbach.de\/wp-content\/uploads\/2017\/05\/frank_arbeitsflaeche.jpg","jetpack_sharing_enabled":true,"_links":{"self":[{"href":"https:\/\/offenbar-offenbach.de\/index.php?rest_route=\/wp\/v2\/posts\/330","targetHints":{"allow":["GET"]}}],"collection":[{"href":"https:\/\/offenbar-offenbach.de\/index.php?rest_route=\/wp\/v2\/posts"}],"about":[{"href":"https:\/\/offenbar-offenbach.de\/index.php?rest_route=\/wp\/v2\/types\/post"}],"author":[{"embeddable":true,"href":"https:\/\/offenbar-offenbach.de\/index.php?rest_route=\/wp\/v2\/users\/4"}],"replies":[{"embeddable":true,"href":"https:\/\/offenbar-offenbach.de\/index.php?rest_route=%2Fwp%2Fv2%2Fcomments&post=330"}],"version-history":[{"count":8,"href":"https:\/\/offenbar-offenbach.de\/index.php?rest_route=\/wp\/v2\/posts\/330\/revisions"}],"predecessor-version":[{"id":359,"href":"https:\/\/offenbar-offenbach.de\/index.php?rest_route=\/wp\/v2\/posts\/330\/revisions\/359"}],"wp:featuredmedia":[{"embeddable":true,"href":"https:\/\/offenbar-offenbach.de\/index.php?rest_route=\/wp\/v2\/media\/355"}],"wp:attachment":[{"href":"https:\/\/offenbar-offenbach.de\/index.php?rest_route=%2Fwp%2Fv2%2Fmedia&parent=330"}],"wp:term":[{"taxonomy":"category","embeddable":true,"href":"https:\/\/offenbar-offenbach.de\/index.php?rest_route=%2Fwp%2Fv2%2Fcategories&post=330"},{"taxonomy":"post_tag","embeddable":true,"href":"https:\/\/offenbar-offenbach.de\/index.php?rest_route=%2Fwp%2Fv2%2Ftags&post=330"}],"curies":[{"name":"wp","href":"https:\/\/api.w.org\/{rel}","templated":true}]}}