{"id":602,"date":"2017-10-13T08:33:21","date_gmt":"2017-10-13T08:33:21","guid":{"rendered":"http:\/\/offenbar-offenbach.de\/?p=602"},"modified":"2017-10-13T08:33:21","modified_gmt":"2017-10-13T08:33:21","slug":"ich-packe-meinen-koffer","status":"publish","type":"post","link":"https:\/\/offenbar-offenbach.de\/?p=602","title":{"rendered":"Ich packe meinen Koffer&#8230;"},"content":{"rendered":"<p align=\"justify\">&#8230; und nehme mit: Illustrationen, Schmuck, Betonst\u00fccke, Gen\u00e4htes, Fotos, Linoldrucke und vieles mehr. Am 4. November von 11 bis 17 Uhr laden offenbar e.V. und der Manufakturladen Etagerie zum gemeinsamen Koffermarkt ein. <!--more--><\/p>\n<p align=\"justify\">Kreative aus der Region pr\u00e4sentieren ihre Sch\u00e4tze an den beiden in direkter Nachbarschaft liegenden Veranstaltungsorten in der Domstra\u00dfe 57 und der Taunusstra\u00dfe 1 in Offenbach. F\u00fcr die Besucher eine gute Gelegenheit, auch schon einmal auf die Suche nach Geschenken f\u00fcr die Advents- und Weihnachtszeit zu machen.<\/p>\n<p align=\"justify\">Verkauft wird aus dem Koffer. Das erfordert von den Ausstellern ungew\u00f6hnliche Gestaltungsideen f\u00fcr die Pr\u00e4sentation. Denn ihnen steht lediglich ein ungef\u00e4hres Kofferma\u00df von 60 mal 80 Zentimetern als Verkaufsfl\u00e4che zur Verf\u00fcgung.<\/p>\n<p align=\"justify\">Dar\u00fcber hinaus pr\u00e4sentiert die Autorin Julia Cam gemeinsam mit der Illustratorin Tania Sivertsen im offenbar ihr neues Kinderbuch &#8222;Der Igel und sein Architekt&#8220;.<\/p>\n<p align=\"justify\">Und weil St\u00f6bern hungrig und durstig macht, gibt es f\u00fcr die Besucher an beiden Veranstaltungsorten ein vielf\u00e4ltiges Angebot an Speisen und Getr\u00e4nken &#8211; von deftig bis s\u00fc\u00df.<\/p>\n<p align=\"justify\">Der Eintritt ist nat\u00fcrlich frei.<\/p>\n<p align=\"justify\"><img loading=\"lazy\" decoding=\"async\" class=\"alignnone size-medium wp-image-604\" src=\"https:\/\/offenbar-offenbach.de\/wp-content\/uploads\/2017\/10\/Koffer_C_frei-300x207.jpg\" alt=\"\" width=\"300\" height=\"207\" srcset=\"https:\/\/offenbar-offenbach.de\/wp-content\/uploads\/2017\/10\/Koffer_C_frei-300x207.jpg 300w, https:\/\/offenbar-offenbach.de\/wp-content\/uploads\/2017\/10\/Koffer_C_frei-768x530.jpg 768w, https:\/\/offenbar-offenbach.de\/wp-content\/uploads\/2017\/10\/Koffer_C_frei-1024x707.jpg 1024w, https:\/\/offenbar-offenbach.de\/wp-content\/uploads\/2017\/10\/Koffer_C_frei-551x380.jpg 551w, https:\/\/offenbar-offenbach.de\/wp-content\/uploads\/2017\/10\/Koffer_C_frei.jpg 1181w\" sizes=\"auto, (max-width: 300px) 100vw, 300px\" \/><\/p>\n<p>&nbsp;<\/p>\n","protected":false},"excerpt":{"rendered":"<p>&#8230; und nehme mit: Illustrationen, Schmuck, Betonst\u00fccke, Gen\u00e4htes, Fotos, Linoldrucke und vieles mehr. Am 4. November von 11 bis 17 Uhr laden offenbar e.V. und der Manufakturladen Etagerie zum gemeinsamen &hellip; <a href=\"https:\/\/offenbar-offenbach.de\/?p=602\" class=\"more-link\">Weiterlesen <span class=\"screen-reader-text\">Ich packe meinen Koffer&#8230;<\/span><\/a><\/p>\n","protected":false},"author":5,"featured_media":0,"comment_status":"open","ping_status":"open","sticky":false,"template":"","format":"standard","meta":{"_jetpack_memberships_contains_paid_content":false,"footnotes":""},"categories":[4],"tags":[],"class_list":["post-602","post","type-post","status-publish","format-standard","hentry","category-allgemein","without-featured-image"],"jetpack_featured_media_url":"","jetpack_sharing_enabled":true,"_links":{"self":[{"href":"https:\/\/offenbar-offenbach.de\/index.php?rest_route=\/wp\/v2\/posts\/602","targetHints":{"allow":["GET"]}}],"collection":[{"href":"https:\/\/offenbar-offenbach.de\/index.php?rest_route=\/wp\/v2\/posts"}],"about":[{"href":"https:\/\/offenbar-offenbach.de\/index.php?rest_route=\/wp\/v2\/types\/post"}],"author":[{"embeddable":true,"href":"https:\/\/offenbar-offenbach.de\/index.php?rest_route=\/wp\/v2\/users\/5"}],"replies":[{"embeddable":true,"href":"https:\/\/offenbar-offenbach.de\/index.php?rest_route=%2Fwp%2Fv2%2Fcomments&post=602"}],"version-history":[{"count":5,"href":"https:\/\/offenbar-offenbach.de\/index.php?rest_route=\/wp\/v2\/posts\/602\/revisions"}],"predecessor-version":[{"id":608,"href":"https:\/\/offenbar-offenbach.de\/index.php?rest_route=\/wp\/v2\/posts\/602\/revisions\/608"}],"wp:attachment":[{"href":"https:\/\/offenbar-offenbach.de\/index.php?rest_route=%2Fwp%2Fv2%2Fmedia&parent=602"}],"wp:term":[{"taxonomy":"category","embeddable":true,"href":"https:\/\/offenbar-offenbach.de\/index.php?rest_route=%2Fwp%2Fv2%2Fcategories&post=602"},{"taxonomy":"post_tag","embeddable":true,"href":"https:\/\/offenbar-offenbach.de\/index.php?rest_route=%2Fwp%2Fv2%2Ftags&post=602"}],"curies":[{"name":"wp","href":"https:\/\/api.w.org\/{rel}","templated":true}]}}