{"id":616,"date":"2017-11-28T20:10:39","date_gmt":"2017-11-28T20:10:39","guid":{"rendered":"http:\/\/offenbar-offenbach.de\/?p=616"},"modified":"2017-11-28T20:10:39","modified_gmt":"2017-11-28T20:10:39","slug":"bernard-laedt-ein","status":"publish","type":"post","link":"https:\/\/offenbar-offenbach.de\/?p=616","title":{"rendered":"Bernard l\u00e4dt ein&#8230;"},"content":{"rendered":"<p>&#8230; und offenbar macht mit.<\/p>\n<p><!--more-->Zum vorweihnachtlichen Bummel durchs Nordend l\u00e4dt inzwischen nicht mehr allein die Bernardstra\u00dfe ein. Auch Freunde machen mit. Und dazu z\u00e4hlt das offenbar, der Verein f\u00fcr kreatives Arbeiten und Coworking.\u00a0 Am <strong>Samstag, 2. Dezember<\/strong>, \u00f6ffnet in der Domstra\u00dfe 57 der Kreativ-Kiosk, an dem sich zahlreiche G\u00e4ste beteiligen, von <strong>15 bis 20 Uhr<\/strong>. Schmuck, Illustrationen, Gen\u00e4htes, Fotografie, Linoldruck &#8211; es gibt 1.000 wunderbare Kleinigkeiten und die K\u00f6pfe dahinter zu sehen. Als kleines Extra zum Start der Weihnachtszeit bekommen Besucher 10 Prozent Rabatt auf die Produkte, die die Mitglieder des offenbar verkaufen.<\/p>\n<p><span style=\"font-family: Caput;\"><span style=\"font-size: xx-small;\">\u00a0<\/span><\/span><\/p>\n","protected":false},"excerpt":{"rendered":"<p>&#8230; und offenbar macht mit.<\/p>\n","protected":false},"author":5,"featured_media":199,"comment_status":"open","ping_status":"open","sticky":false,"template":"","format":"standard","meta":{"_jetpack_memberships_contains_paid_content":false,"footnotes":""},"categories":[4],"tags":[],"class_list":["post-616","post","type-post","status-publish","format-standard","has-post-thumbnail","hentry","category-allgemein","with-featured-image"],"jetpack_featured_media_url":"https:\/\/offenbar-offenbach.de\/wp-content\/uploads\/2017\/04\/IMG_9406.jpg","jetpack_sharing_enabled":true,"_links":{"self":[{"href":"https:\/\/offenbar-offenbach.de\/index.php?rest_route=\/wp\/v2\/posts\/616","targetHints":{"allow":["GET"]}}],"collection":[{"href":"https:\/\/offenbar-offenbach.de\/index.php?rest_route=\/wp\/v2\/posts"}],"about":[{"href":"https:\/\/offenbar-offenbach.de\/index.php?rest_route=\/wp\/v2\/types\/post"}],"author":[{"embeddable":true,"href":"https:\/\/offenbar-offenbach.de\/index.php?rest_route=\/wp\/v2\/users\/5"}],"replies":[{"embeddable":true,"href":"https:\/\/offenbar-offenbach.de\/index.php?rest_route=%2Fwp%2Fv2%2Fcomments&post=616"}],"version-history":[{"count":4,"href":"https:\/\/offenbar-offenbach.de\/index.php?rest_route=\/wp\/v2\/posts\/616\/revisions"}],"predecessor-version":[{"id":620,"href":"https:\/\/offenbar-offenbach.de\/index.php?rest_route=\/wp\/v2\/posts\/616\/revisions\/620"}],"wp:featuredmedia":[{"embeddable":true,"href":"https:\/\/offenbar-offenbach.de\/index.php?rest_route=\/wp\/v2\/media\/199"}],"wp:attachment":[{"href":"https:\/\/offenbar-offenbach.de\/index.php?rest_route=%2Fwp%2Fv2%2Fmedia&parent=616"}],"wp:term":[{"taxonomy":"category","embeddable":true,"href":"https:\/\/offenbar-offenbach.de\/index.php?rest_route=%2Fwp%2Fv2%2Fcategories&post=616"},{"taxonomy":"post_tag","embeddable":true,"href":"https:\/\/offenbar-offenbach.de\/index.php?rest_route=%2Fwp%2Fv2%2Ftags&post=616"}],"curies":[{"name":"wp","href":"https:\/\/api.w.org\/{rel}","templated":true}]}}