{"id":622,"date":"2017-12-18T11:02:56","date_gmt":"2017-12-18T11:02:56","guid":{"rendered":"http:\/\/offenbar-offenbach.de\/?p=622"},"modified":"2018-01-17T09:36:15","modified_gmt":"2018-01-17T09:36:15","slug":"offenbar-ein-jahresrueckblick","status":"publish","type":"post","link":"https:\/\/offenbar-offenbach.de\/?p=622","title":{"rendered":"Offenbar &#8211; ein Jahresr\u00fcckblick"},"content":{"rendered":"<p>2017, im Nu war es um. Es war ein spannendes, bereicherndes Jahr \u2013 das erste mit offenbar. Neun Monate gibt es den Verein in der Domstra\u00dfe nun schon. Und voller Elan geht es ins neue Jahr. Wir haben einige neue Projekte im Kopf, die wir 2018 umsetzen wollen. Aber hier zun\u00e4chst der Blick zur\u00fcck nach vorn&#8230;<\/p>\n<p><!--more--><\/p>\n<p><strong>Januar<\/strong>: Die Diskussion \u00fcber die Ideen, einen Verein f\u00fcr kreatives Arbeiten zu gr\u00fcnden, werden konkreter. Er soll seinen Mitgliedern und Coworkern den Raum geben, ihre Kreativit\u00e4t auszuleben. Ende Januar startet die Suche nach einem Domizil.<\/p>\n<p><strong>M\u00e4rz<\/strong>: Am 8. M\u00e4rz treffen sich die Gr\u00fcndungsmitglieder beim Notar. Offenbar e.V., der Verein f\u00fcr kreatives Arbeiten und Coworking wird gegr\u00fcndet. Nur wenige Tage sp\u00e4ter wird der Mietvertrag f\u00fcr R\u00e4ume in der Domstra\u00dfe 57 unterschrieben.<\/p>\n<p><img loading=\"lazy\" decoding=\"async\" class=\"alignnone size-medium wp-image-154\" src=\"https:\/\/offenbar-offenbach.de\/wp-content\/uploads\/2017\/04\/cropped-offenbar_logo-300x66.png\" alt=\"\" width=\"300\" height=\"66\" srcset=\"https:\/\/offenbar-offenbach.de\/wp-content\/uploads\/2017\/04\/cropped-offenbar_logo-300x66.png 300w, https:\/\/offenbar-offenbach.de\/wp-content\/uploads\/2017\/04\/cropped-offenbar_logo.png 616w\" sizes=\"auto, (max-width: 300px) 100vw, 300px\" \/><\/p>\n<p><span style=\"font-family: Calibri, sans-serif;\"><strong>April: <\/strong>Coworking-Arbeitspl\u00e4tze, Werkstatt, Kiosk, Besprechungsraum und Dunkelkammer \u2013 mit gro\u00dfem Elan renovieren die offenbar-Mitglieder in der Domstra\u00dfe. Nach gro\u00dfer Putz- und Streichaktion wird eingerichtet. Und nat\u00fcrlich die Er\u00f6ffnung vorbereitet\u2026<\/span><\/p>\n<p><img loading=\"lazy\" decoding=\"async\" class=\"alignnone size-medium wp-image-442\" src=\"https:\/\/offenbar-offenbach.de\/wp-content\/uploads\/2017\/04\/IMG_0050-300x200.jpg\" alt=\"\" width=\"300\" height=\"200\" srcset=\"https:\/\/offenbar-offenbach.de\/wp-content\/uploads\/2017\/04\/IMG_0050-300x200.jpg 300w, https:\/\/offenbar-offenbach.de\/wp-content\/uploads\/2017\/04\/IMG_0050-768x512.jpg 768w, https:\/\/offenbar-offenbach.de\/wp-content\/uploads\/2017\/04\/IMG_0050-1024x683.jpg 1024w, https:\/\/offenbar-offenbach.de\/wp-content\/uploads\/2017\/04\/IMG_0050-570x380.jpg 570w\" sizes=\"auto, (max-width: 300px) 100vw, 300px\" \/><\/p>\n<p><span style=\"font-family: Calibri, sans-serif;\"><strong>Mai: <\/strong>Gro\u00dfer Andrang herrscht in der Domstra\u00dfe 57 zur Er\u00f6ffnung am 6. Mai. Zum Start hat der Verein seinen ersten Kiosk organisiert \u2013 einen Handmade-Markt, bei dem auch externe Aussteller ihre handgemachten Produkte pr\u00e4sentieren. Ende Mai schl\u00e4gt eine Filmcrew ihr Lager im offenbar auf. Regisseurin Julia \u00c7am dreht einen Kurzfilm \u2013 unter anderem auch in der Offenbacher Domstra\u00dfe.<\/span><\/p>\n<p><img loading=\"lazy\" decoding=\"async\" class=\"alignnone size-medium wp-image-386\" src=\"https:\/\/offenbar-offenbach.de\/wp-content\/uploads\/2017\/05\/IMG_0398-300x200.jpg\" alt=\"\" width=\"300\" height=\"200\" srcset=\"https:\/\/offenbar-offenbach.de\/wp-content\/uploads\/2017\/05\/IMG_0398-300x200.jpg 300w, https:\/\/offenbar-offenbach.de\/wp-content\/uploads\/2017\/05\/IMG_0398-768x512.jpg 768w, https:\/\/offenbar-offenbach.de\/wp-content\/uploads\/2017\/05\/IMG_0398-1024x683.jpg 1024w, https:\/\/offenbar-offenbach.de\/wp-content\/uploads\/2017\/05\/IMG_0398-570x380.jpg 570w\" sizes=\"auto, (max-width: 300px) 100vw, 300px\" \/><\/p>\n<p><span style=\"font-family: Calibri, sans-serif;\"><strong>Juni: <\/strong>Der Talentschuppen zieht ein. Die Malgruppe hatte nach R\u00e4umen gesucht, die sie einmal im Monat nutzen kann. Fortan steht ihr Termin fest im offenbar-Kalender. Die offene Werkstatt findet zum zweiten Mal statt. Immer am letzten Mittwochabend des Monats kommen hier Kreative mit ihren Projekten ins offenbar, um sich R\u00fcckmeldung und Anregung von anderen zu holen.<\/span><\/p>\n<p><img loading=\"lazy\" decoding=\"async\" class=\"alignnone size-medium wp-image-132\" src=\"https:\/\/offenbar-offenbach.de\/wp-content\/uploads\/2017\/04\/Bildschirmfoto-2017-01-23-um-20.50.20-300x226.png\" alt=\"\" width=\"300\" height=\"226\" srcset=\"https:\/\/offenbar-offenbach.de\/wp-content\/uploads\/2017\/04\/Bildschirmfoto-2017-01-23-um-20.50.20-300x226.png 300w, https:\/\/offenbar-offenbach.de\/wp-content\/uploads\/2017\/04\/Bildschirmfoto-2017-01-23-um-20.50.20-768x578.png 768w, https:\/\/offenbar-offenbach.de\/wp-content\/uploads\/2017\/04\/Bildschirmfoto-2017-01-23-um-20.50.20-505x380.png 505w, https:\/\/offenbar-offenbach.de\/wp-content\/uploads\/2017\/04\/Bildschirmfoto-2017-01-23-um-20.50.20.png 795w\" sizes=\"auto, (max-width: 300px) 100vw, 300px\" \/><\/p>\n<p><strong>August<\/strong>: Die Tage der Industriekultur gastieren Anfang des Monats auch im offenbar. Alex Hoffmann l\u00e4dt zum Arbeiten mit Beton. Und viele begeisterte G\u00e4ste folgen der Einladung. Daneben gibt es eine Lesung, die den Werkstoff thematisiert.\u00a0 Am 19. August holt offenbar den ersten Frankfurter Wasserh\u00e4uschentag nach Offenbach. Der Kreativ-Kiosk beteiligt sich an der Veranstaltung, die auf die Trinkhallen-Kultur aufmerksam machen will, mit Ausstellungen und Aktionen.<\/p>\n<p><span style=\"font-family: Calibri, sans-serif;\"> <img loading=\"lazy\" decoding=\"async\" class=\"alignnone size-medium wp-image-551\" src=\"https:\/\/offenbar-offenbach.de\/wp-content\/uploads\/2017\/08\/IMG_1721-300x200.jpg\" alt=\"\" width=\"300\" height=\"200\" srcset=\"https:\/\/offenbar-offenbach.de\/wp-content\/uploads\/2017\/08\/IMG_1721-300x200.jpg 300w, https:\/\/offenbar-offenbach.de\/wp-content\/uploads\/2017\/08\/IMG_1721-768x512.jpg 768w, https:\/\/offenbar-offenbach.de\/wp-content\/uploads\/2017\/08\/IMG_1721-1024x683.jpg 1024w, https:\/\/offenbar-offenbach.de\/wp-content\/uploads\/2017\/08\/IMG_1721-570x380.jpg 570w\" sizes=\"auto, (max-width: 300px) 100vw, 300px\" \/><\/span><\/p>\n<p><span style=\"font-family: Calibri, sans-serif;\"><strong>September: <\/strong>Das Netzwerk Frauen f\u00fcr Offenbach besucht den Verein offenbar. Die Besucherinnen fr\u00fchst\u00fccken in der Werkstatt und stellen viele interessierte Fragen. <\/span><\/p>\n<p><img loading=\"lazy\" decoding=\"async\" class=\"alignnone size-medium wp-image-567\" src=\"https:\/\/offenbar-offenbach.de\/wp-content\/uploads\/2017\/09\/IMG_1742-300x200.jpg\" alt=\"\" width=\"300\" height=\"200\" srcset=\"https:\/\/offenbar-offenbach.de\/wp-content\/uploads\/2017\/09\/IMG_1742-300x200.jpg 300w, https:\/\/offenbar-offenbach.de\/wp-content\/uploads\/2017\/09\/IMG_1742-768x512.jpg 768w, https:\/\/offenbar-offenbach.de\/wp-content\/uploads\/2017\/09\/IMG_1742-1024x683.jpg 1024w, https:\/\/offenbar-offenbach.de\/wp-content\/uploads\/2017\/09\/IMG_1742-570x380.jpg 570w\" sizes=\"auto, (max-width: 300px) 100vw, 300px\" \/><\/p>\n<p><strong>Oktober<\/strong>: Fernsehreife Kreativit\u00e4t: Alex Hoffmann, die mit ihren Betonst\u00fccken das offenbar bereichert, flimmert am 12. Oktober \u00fcber die Bildschirme. Das ARD Buffet hat sie eingeladen, einem breiten Publikum ihre Arbeiten zu zeigen.<\/p>\n<p><strong>November<\/strong>: In Zusammenarbeit mit der Etagerie veranstaltet offenbar das erste Mal einen Koffermarkt. Hier verkaufen die Aussteller aus einem Koffer heraus. Das erfordert ein wenig Kreativit\u00e4t f\u00fcr die Pr\u00e4sentation und erm\u00f6glicht eine noch gr\u00f6\u00dfere Zahl der Teilnehmer. Viele Besucher kommen zum St\u00f6bern.<\/p>\n<p><img loading=\"lazy\" decoding=\"async\" class=\"alignnone size-medium wp-image-604\" src=\"https:\/\/offenbar-offenbach.de\/wp-content\/uploads\/2017\/10\/Koffer_C_frei-300x207.jpg\" alt=\"\" width=\"300\" height=\"207\" srcset=\"https:\/\/offenbar-offenbach.de\/wp-content\/uploads\/2017\/10\/Koffer_C_frei-300x207.jpg 300w, https:\/\/offenbar-offenbach.de\/wp-content\/uploads\/2017\/10\/Koffer_C_frei-768x530.jpg 768w, https:\/\/offenbar-offenbach.de\/wp-content\/uploads\/2017\/10\/Koffer_C_frei-1024x707.jpg 1024w, https:\/\/offenbar-offenbach.de\/wp-content\/uploads\/2017\/10\/Koffer_C_frei-551x380.jpg 551w, https:\/\/offenbar-offenbach.de\/wp-content\/uploads\/2017\/10\/Koffer_C_frei.jpg 1181w\" sizes=\"auto, (max-width: 300px) 100vw, 300px\" \/><\/p>\n<p><span style=\"font-family: Calibri, sans-serif;\"><strong>Dezember: <\/strong>Offenbar macht mit bei \u201eBernard l\u00e4dt ein\u201c. Der vorweihnachtliche Nordendbummel hat damit in diesem Jahr einen weiteren Teilnehmer gewonnen. Neben Schmuck, Illustrationen und Taschen, gab es diesmal auch Siebdruck, Naturkosmetik und Linoldrucke zu entdecken.<\/span><\/p>\n","protected":false},"excerpt":{"rendered":"<p>2017, im Nu war es um. Es war ein spannendes, bereicherndes Jahr \u2013 das erste mit offenbar. Neun Monate gibt es den Verein in der Domstra\u00dfe nun schon. Und voller &hellip; <a href=\"https:\/\/offenbar-offenbach.de\/?p=622\" class=\"more-link\">Weiterlesen <span class=\"screen-reader-text\">Offenbar &#8211; ein Jahresr\u00fcckblick<\/span><\/a><\/p>\n","protected":false},"author":5,"featured_media":188,"comment_status":"open","ping_status":"open","sticky":false,"template":"","format":"standard","meta":{"_jetpack_memberships_contains_paid_content":false,"footnotes":""},"categories":[4],"tags":[],"class_list":["post-622","post","type-post","status-publish","format-standard","has-post-thumbnail","hentry","category-allgemein","with-featured-image"],"jetpack_featured_media_url":"https:\/\/offenbar-offenbach.de\/wp-content\/uploads\/2017\/04\/20170310_092655.jpg","jetpack_sharing_enabled":true,"_links":{"self":[{"href":"https:\/\/offenbar-offenbach.de\/index.php?rest_route=\/wp\/v2\/posts\/622","targetHints":{"allow":["GET"]}}],"collection":[{"href":"https:\/\/offenbar-offenbach.de\/index.php?rest_route=\/wp\/v2\/posts"}],"about":[{"href":"https:\/\/offenbar-offenbach.de\/index.php?rest_route=\/wp\/v2\/types\/post"}],"author":[{"embeddable":true,"href":"https:\/\/offenbar-offenbach.de\/index.php?rest_route=\/wp\/v2\/users\/5"}],"replies":[{"embeddable":true,"href":"https:\/\/offenbar-offenbach.de\/index.php?rest_route=%2Fwp%2Fv2%2Fcomments&post=622"}],"version-history":[{"count":8,"href":"https:\/\/offenbar-offenbach.de\/index.php?rest_route=\/wp\/v2\/posts\/622\/revisions"}],"predecessor-version":[{"id":659,"href":"https:\/\/offenbar-offenbach.de\/index.php?rest_route=\/wp\/v2\/posts\/622\/revisions\/659"}],"wp:featuredmedia":[{"embeddable":true,"href":"https:\/\/offenbar-offenbach.de\/index.php?rest_route=\/wp\/v2\/media\/188"}],"wp:attachment":[{"href":"https:\/\/offenbar-offenbach.de\/index.php?rest_route=%2Fwp%2Fv2%2Fmedia&parent=622"}],"wp:term":[{"taxonomy":"category","embeddable":true,"href":"https:\/\/offenbar-offenbach.de\/index.php?rest_route=%2Fwp%2Fv2%2Fcategories&post=622"},{"taxonomy":"post_tag","embeddable":true,"href":"https:\/\/offenbar-offenbach.de\/index.php?rest_route=%2Fwp%2Fv2%2Ftags&post=622"}],"curies":[{"name":"wp","href":"https:\/\/api.w.org\/{rel}","templated":true}]}}