{"id":631,"date":"2018-01-12T18:05:10","date_gmt":"2018-01-12T18:05:10","guid":{"rendered":"http:\/\/offenbar-offenbach.de\/?p=631"},"modified":"2018-01-15T07:30:18","modified_gmt":"2018-01-15T07:30:18","slug":"foto-begeisterte-aufgepasst","status":"publish","type":"post","link":"https:\/\/offenbar-offenbach.de\/?p=631","title":{"rendered":"Foto-Begeisterte aufgepasst!"},"content":{"rendered":"<p>Offenbar Fotolab startet am 21. Februar<\/p>\n<p>Ab Mitte Februar trifft sich im offenbar regelm\u00e4\u00dfig die Fotogruppe Fotolab. Sie ist ein loser Zusammenschluss von an Fotografie Interessierten. Neue Mitglieder sind willkommen.<!--more--><\/p>\n<p><img loading=\"lazy\" decoding=\"async\" class=\"alignnone size-medium wp-image-632\" src=\"https:\/\/offenbar-offenbach.de\/wp-content\/uploads\/2018\/01\/IMG_2291-300x200.jpg\" alt=\"\" width=\"300\" height=\"200\" srcset=\"https:\/\/offenbar-offenbach.de\/wp-content\/uploads\/2018\/01\/IMG_2291-300x200.jpg 300w, https:\/\/offenbar-offenbach.de\/wp-content\/uploads\/2018\/01\/IMG_2291-768x512.jpg 768w, https:\/\/offenbar-offenbach.de\/wp-content\/uploads\/2018\/01\/IMG_2291-1024x683.jpg 1024w, https:\/\/offenbar-offenbach.de\/wp-content\/uploads\/2018\/01\/IMG_2291-570x380.jpg 570w\" sizes=\"auto, (max-width: 300px) 100vw, 300px\" \/> <img loading=\"lazy\" decoding=\"async\" class=\"alignnone size-medium wp-image-633\" src=\"https:\/\/offenbar-offenbach.de\/wp-content\/uploads\/2018\/01\/IMG_2288-300x200.jpg\" alt=\"\" width=\"300\" height=\"200\" srcset=\"https:\/\/offenbar-offenbach.de\/wp-content\/uploads\/2018\/01\/IMG_2288-300x200.jpg 300w, https:\/\/offenbar-offenbach.de\/wp-content\/uploads\/2018\/01\/IMG_2288-768x512.jpg 768w, https:\/\/offenbar-offenbach.de\/wp-content\/uploads\/2018\/01\/IMG_2288-1024x683.jpg 1024w, https:\/\/offenbar-offenbach.de\/wp-content\/uploads\/2018\/01\/IMG_2288-570x380.jpg 570w\" sizes=\"auto, (max-width: 300px) 100vw, 300px\" \/> <img loading=\"lazy\" decoding=\"async\" class=\"alignnone size-medium wp-image-634\" src=\"https:\/\/offenbar-offenbach.de\/wp-content\/uploads\/2018\/01\/IMG_2335-300x200.jpg\" alt=\"\" width=\"300\" height=\"200\" srcset=\"https:\/\/offenbar-offenbach.de\/wp-content\/uploads\/2018\/01\/IMG_2335-300x200.jpg 300w, https:\/\/offenbar-offenbach.de\/wp-content\/uploads\/2018\/01\/IMG_2335-768x512.jpg 768w, https:\/\/offenbar-offenbach.de\/wp-content\/uploads\/2018\/01\/IMG_2335-1024x683.jpg 1024w, https:\/\/offenbar-offenbach.de\/wp-content\/uploads\/2018\/01\/IMG_2335-570x380.jpg 570w\" sizes=\"auto, (max-width: 300px) 100vw, 300px\" \/> <img loading=\"lazy\" decoding=\"async\" class=\"alignnone size-medium wp-image-635\" src=\"https:\/\/offenbar-offenbach.de\/wp-content\/uploads\/2018\/01\/IMG_2325-300x200.jpg\" alt=\"\" width=\"300\" height=\"200\" srcset=\"https:\/\/offenbar-offenbach.de\/wp-content\/uploads\/2018\/01\/IMG_2325-300x200.jpg 300w, https:\/\/offenbar-offenbach.de\/wp-content\/uploads\/2018\/01\/IMG_2325-768x512.jpg 768w, https:\/\/offenbar-offenbach.de\/wp-content\/uploads\/2018\/01\/IMG_2325-1024x683.jpg 1024w, https:\/\/offenbar-offenbach.de\/wp-content\/uploads\/2018\/01\/IMG_2325-570x380.jpg 570w\" sizes=\"auto, (max-width: 300px) 100vw, 300px\" \/><\/p>\n<p>Die Mitglieder des Fotolab fotografieren digital und analog und haben Lust, sich weiter zu entwickeln. Sie treffen sich alle zwei Monate im offenbar, um \u00fcber ihre fotografischen Arbeiten zu diskutieren, sich gemeinsam Themen zu setzen und zusammen Fotospazierg\u00e4nge zu unternehmen. Die Ergebnisse werden dann in der Gruppe angeschaut und besprochen.<\/p>\n<p>Wer m\u00f6chte, kann auch Kameras tauschen und hat so Gelegenheit, etwas Neues auszuprobieren. Auch die Dunkelkammer im offenbar steht der Gruppe zur Verf\u00fcgung. Denkbar ist dar\u00fcber hinaus auch der gemeinsame Besuch von\u00a0 Fotoausstellungen.<\/p>\n<p>Die Teilnahme am Fotolab ist kostenlos. Materialkosten \u00fcbernimmt jedes Mitglied der Gruppe selbst. Bei den Treffen wird um eine kleine Spende f\u00fcr Getr\u00e4nke gebeten.<\/p>\n<p>Anmeldung per E-Mail unter hallo@offenbar-offenbach.de<\/p>\n<p><strong>Erstes Treffen: 21. Februar 2018, 20 Uhr<\/strong><\/p>\n","protected":false},"excerpt":{"rendered":"<p>Offenbar Fotolab startet am 21. Februar Ab Mitte Februar trifft sich im offenbar regelm\u00e4\u00dfig die Fotogruppe Fotolab. Sie ist ein loser Zusammenschluss von an Fotografie Interessierten. Neue Mitglieder sind willkommen.<\/p>\n","protected":false},"author":5,"featured_media":586,"comment_status":"open","ping_status":"open","sticky":false,"template":"","format":"standard","meta":{"_jetpack_memberships_contains_paid_content":false,"footnotes":""},"categories":[4],"tags":[],"class_list":["post-631","post","type-post","status-publish","format-standard","has-post-thumbnail","hentry","category-allgemein","with-featured-image"],"jetpack_featured_media_url":"https:\/\/offenbar-offenbach.de\/wp-content\/uploads\/2017\/09\/IMG_1759.jpg","jetpack_sharing_enabled":true,"_links":{"self":[{"href":"https:\/\/offenbar-offenbach.de\/index.php?rest_route=\/wp\/v2\/posts\/631","targetHints":{"allow":["GET"]}}],"collection":[{"href":"https:\/\/offenbar-offenbach.de\/index.php?rest_route=\/wp\/v2\/posts"}],"about":[{"href":"https:\/\/offenbar-offenbach.de\/index.php?rest_route=\/wp\/v2\/types\/post"}],"author":[{"embeddable":true,"href":"https:\/\/offenbar-offenbach.de\/index.php?rest_route=\/wp\/v2\/users\/5"}],"replies":[{"embeddable":true,"href":"https:\/\/offenbar-offenbach.de\/index.php?rest_route=%2Fwp%2Fv2%2Fcomments&post=631"}],"version-history":[{"count":6,"href":"https:\/\/offenbar-offenbach.de\/index.php?rest_route=\/wp\/v2\/posts\/631\/revisions"}],"predecessor-version":[{"id":641,"href":"https:\/\/offenbar-offenbach.de\/index.php?rest_route=\/wp\/v2\/posts\/631\/revisions\/641"}],"wp:featuredmedia":[{"embeddable":true,"href":"https:\/\/offenbar-offenbach.de\/index.php?rest_route=\/wp\/v2\/media\/586"}],"wp:attachment":[{"href":"https:\/\/offenbar-offenbach.de\/index.php?rest_route=%2Fwp%2Fv2%2Fmedia&parent=631"}],"wp:term":[{"taxonomy":"category","embeddable":true,"href":"https:\/\/offenbar-offenbach.de\/index.php?rest_route=%2Fwp%2Fv2%2Fcategories&post=631"},{"taxonomy":"post_tag","embeddable":true,"href":"https:\/\/offenbar-offenbach.de\/index.php?rest_route=%2Fwp%2Fv2%2Ftags&post=631"}],"curies":[{"name":"wp","href":"https:\/\/api.w.org\/{rel}","templated":true}]}}